{"id":293846,"date":"2024-03-05T12:37:38","date_gmt":"2024-03-05T09:37:38","guid":{"rendered":"https:\/\/www.grandemlak.com\/misafirleriniz-icin-vergi-odemeye-hazir-misiniz\/"},"modified":"2024-12-20T09:57:13","modified_gmt":"2024-12-20T06:57:13","slug":"misafirleriniz-icin-vergi-odemeye-hazir-misiniz","status":"publish","type":"post","link":"https:\/\/www.grandemlak.com\/sv\/misafirleriniz-icin-vergi-odemeye-hazir-misiniz\/","title":{"rendered":"\u00c4r du redo att betala skatt f\u00f6r dina g\u00e4ster?"},"content":{"rendered":"<p>Efter \u201dsv\u00e4rmorskatten\u201d som nyligen spr\u00e4ngde agendan st\u00e5r nu \u201dg\u00e4stskatten\u201d p\u00e5 agendan&#8230;<\/p>\n<p>Sv\u00e4rmorskatt \u00e4r det namn som ekonomiskribenten Abdullah Tolu gett till den inkomstskatt som ett par kommer att betala baserat p\u00e5 motsvarande hyra om de bor med sin sv\u00e4rmor i ett hus de \u00e4ger utan att f\u00e5 n\u00e5gon hyra.<\/p>\n<p>\u00c5terigen, enligt \u00e4mnet i Abdullah Tolus kolumn, \u00e4r g\u00e4stskatt en avgift f\u00f6r g\u00e4ster som bor hos \u00e4garen f\u00f6rutom hans sl\u00e4ktingar: &#8220;Om \u00e4garen och personen som bor i huset inte \u00e4r sl\u00e4ktingar m\u00e5ste \u00e4garen betala &#8220;G\u00e4stskatten &#8220;.&#8221;<\/p>\n<p>F\u00f6rordningen, som g\u00e4ller f\u00f6r vistelser p\u00e5 minst 3 m\u00e5nader eller mer, \u00e4r egentligen inte ny, den har varit i kraft sedan l\u00e4nge. Tolu sa att avsnitt 73 i inkomstskattelagen med rubriken &#8220;Prejudikathyra&#8221; \u00e4r exakt relevant f\u00f6r denna fr\u00e5ga: &#8220;Hyresv\u00e4rdet f\u00f6r den hyrda fastigheten och r\u00e4ttigheterna f\u00e5r inte vara l\u00e4gre \u00e4n det tidigare hyrespriset. fri anv\u00e4ndning av andra \u00e4r Motsvarande hyra f\u00f6r ett hus ber\u00e4knas som 5 procent av husets fastighetstaxeringsv\u00e4rde. Till exempel \u00e4r motsvarande hyra f\u00f6r ett hus som l\u00e4mnas f\u00f6r fri anv\u00e4ndning av andra lika med hyran f\u00f6r det huset. hus. &#8220;Det ber\u00e4knas och beskattas utifr\u00e5n motsvarande hyresv\u00e4rde&#8221;, s\u00e4ger han.<\/p>\n<h3>Situationer d\u00e4r tidigare hyra inte g\u00e4ller<\/h3>\n<p>Enligt artikel 73 i inkomstskattelagen, prejudikathyra, kan de fall d\u00e4r principen om tillr\u00e4knad hyra inte kommer att till\u00e4mpas listas enligt f\u00f6ljande:<\/p>\n<ul>\n<li>\u00d6verl\u00e5telse av fast egendom till andra personer kostnadsfritt p\u00e5 grund av v\u00e4gran<\/li>\n<li>Resa fr\u00e5n hemmet till familjemedlemmarnas bostadsort (f\u00f6r\u00e4ldrar, barn, br\u00f6der och systrar)<\/li>\n<li>Anh\u00f6riga till fastighets\u00e4gare som bor i samma hus eller l\u00e4genhet<\/li>\n<li>Leasingtransaktioner utf\u00f6rda av statliga myndigheter<\/li>\n<\/ul>\n<h3>Vem betalar g\u00e4stskatt? Hur ber\u00e4knar man g\u00e4stskatt?<\/h3>\n<p>Inom ramen f\u00f6r denna f\u00f6rordning till\u00e4mpas inte &#8220;G\u00e4stskatt&#8221; om &#8220;familjemedlemmar&#8221; och fastighets\u00e4garen \u00e4r bosatta i samma bostad eller l\u00e4genhet. Men om den som bor i huset med fastighets\u00e4garen &#8220;inte \u00e4r familjemedlem&#8221; debiteras &#8220;G\u00e4stskatten&#8221; p\u00e5 motsvarande hyrespris. Denna skatt betalas av fastighets\u00e4garen, inte g\u00e4sten. D\u00e4rf\u00f6r l\u00e4mnar fastighets\u00e4gare en \u00e5rlig inkomstdeklaration och betalar inkomstskatt som om hyresint\u00e4kter erh\u00e5llits baserat p\u00e5 det tillr\u00e4knade hyresv\u00e4rdet.<\/p>\n<p>Enligt Abdullah Tolu understryker han att husets fastighetsskattev\u00e4rde och antalet personer som bor i huset \u00e4r mycket viktiga f\u00f6r att ber\u00e4kna g\u00e4stskatten; \u00c5r 2023 m\u00e5ste hus\u00e4gare som tar emot bes\u00f6kare som inte \u00e4r sl\u00e4kt i deras hem l\u00e4mna in en \u00e5rlig inkomstdeklaration och betala den inkomstskatt som blir resultatet, l\u00e5tsas ha tj\u00e4nat in hyresint\u00e4kter mellan 1 mars och 1 april 2024.<\/p>\n<h3>Om den motsvarande hyreskostnaden inte \u00f6verstiger 21 tusen liras, betalas ingen skatt<\/h3>\n<p>21 tusen TL av standardhyran f\u00f6r 2023 (33 tusen TL f\u00f6r 2024) f\u00f6r bes\u00f6kare som bor i samma bostad som hyresv\u00e4rden men inte \u00e4r anh\u00f6riga, \u00e4r undantagna fr\u00e5n inkomstskatt. Av denna anledning, om standardhyresavgiften f\u00f6rblir under 21 tusen TL f\u00f6r 2023, finns det inget behov av att l\u00e4mna in en \u00e5rlig inkomstdeklaration och betala skatt. Om gr\u00e4nsen p\u00e5 21 tusen lira \u00f6verskrids kommer 21 tusen lira av den ber\u00e4knade ekvivalenta hyran att befrias fr\u00e5n inkomstskatt, medan det \u00f6verskjutande beloppet beskattas.<\/p>\n<p>Nyligen har finansministeriet varit mer noggrant med att deklarera hyresint\u00e4kter och fastst\u00e4llt att cirka 2 miljoner bost\u00e4der har potential f\u00f6r hyresint\u00e4kter och p\u00e5b\u00f6rjat f\u00e4ltstudier f\u00f6r att fastst\u00e4lla den verkliga situationen i dessa bost\u00e4der. Experter framh\u00e5ller att f\u00f6r att f\u00f6rhindra informalitet i hyresint\u00e4kterna \u00e4r det n\u00f6dv\u00e4ndigt att g\u00f6ra hyresavtal genom e-f\u00f6rvaltningsplattformen och att det beh\u00f6vs en lagreglering f\u00f6r detta.<\/p>\n","protected":false},"excerpt":{"rendered":"<p>Efter \u201dsv\u00e4rmorskatten\u201d som nyligen spr\u00e4ngde agendan st\u00e5r nu \u201dg\u00e4stskatten\u201d p\u00e5 agendan&#8230; Sv\u00e4rmorskatt \u00e4r det namn som ekonomiskribenten Abdullah Tolu gett till den inkomstskatt som ett par kommer att betala baserat p\u00e5 motsvarande hyra om de bor med sin sv\u00e4rmor i ett hus de \u00e4ger utan att f\u00e5 n\u00e5gon hyra. \u00c5terigen, enligt \u00e4mnet i Abdullah Tolus [&hellip;]<\/p>\n","protected":false},"author":135,"featured_media":241436,"comment_status":"closed","ping_status":"closed","sticky":false,"template":"","format":"standard","meta":{"footnotes":""},"categories":[5038],"tags":[5027,5028,1595,5029,5030,3876,5031,5032,5033,5034],"class_list":["post-293846","post","type-post","status-publish","format-standard","has-post-thumbnail","hentry","category-nyheter","tag-abdullah-tolu-sv","tag-emsal-kira-bedeli-sv","tag-fastighetsskatt","tag-gelir-vergisi-kanunu-sv","tag-kaynana-vergisi-sv","tag-kira-geliri-sv","tag-kira-geliri-beyani-sv","tag-kira-gelirlerinde-kayit-disiligi-sv","tag-konut-kirasi-sv","tag-misafir-vergisi-sv"],"_links":{"self":[{"href":"https:\/\/www.grandemlak.com\/sv\/wp-json\/wp\/v2\/posts\/293846","targetHints":{"allow":["GET"]}}],"collection":[{"href":"https:\/\/www.grandemlak.com\/sv\/wp-json\/wp\/v2\/posts"}],"about":[{"href":"https:\/\/www.grandemlak.com\/sv\/wp-json\/wp\/v2\/types\/post"}],"author":[{"embeddable":true,"href":"https:\/\/www.grandemlak.com\/sv\/wp-json\/wp\/v2\/users\/135"}],"replies":[{"embeddable":true,"href":"https:\/\/www.grandemlak.com\/sv\/wp-json\/wp\/v2\/comments?post=293846"}],"version-history":[{"count":5,"href":"https:\/\/www.grandemlak.com\/sv\/wp-json\/wp\/v2\/posts\/293846\/revisions"}],"predecessor-version":[{"id":294604,"href":"https:\/\/www.grandemlak.com\/sv\/wp-json\/wp\/v2\/posts\/293846\/revisions\/294604"}],"wp:featuredmedia":[{"embeddable":true,"href":"https:\/\/www.grandemlak.com\/sv\/wp-json\/wp\/v2\/media\/241436"}],"wp:attachment":[{"href":"https:\/\/www.grandemlak.com\/sv\/wp-json\/wp\/v2\/media?parent=293846"}],"wp:term":[{"taxonomy":"category","embeddable":true,"href":"https:\/\/www.grandemlak.com\/sv\/wp-json\/wp\/v2\/categories?post=293846"},{"taxonomy":"post_tag","embeddable":true,"href":"https:\/\/www.grandemlak.com\/sv\/wp-json\/wp\/v2\/tags?post=293846"}],"curies":[{"name":"wp","href":"https:\/\/api.w.org\/{rel}","templated":true}]}}