{"id":293598,"date":"2024-11-26T10:43:03","date_gmt":"2024-11-26T07:43:03","guid":{"rendered":"https:\/\/www.grandemlak.com\/gayrimenkulde-yepyeni-bir-cagin-kapilari-aralaniyor-rayic-bedel-tarih-oluyor\/"},"modified":"2024-12-20T09:21:02","modified_gmt":"2024-12-20T06:21:02","slug":"gayrimenkulde-yepyeni-bir-cagin-kapilari-aralaniyor-rayic-bedel-tarih-oluyor","status":"publish","type":"post","link":"https:\/\/www.grandemlak.com\/sv\/gayrimenkulde-yepyeni-bir-cagin-kapilari-aralaniyor-rayic-bedel-tarih-oluyor\/","title":{"rendered":"Revolutionen b\u00f6rjar i fastigheter: Nuvarande pris h\u00e5ller p\u00e5 att bli historia!"},"content":{"rendered":"<p>D\u00f6rrarna till en helt ny era \u00f6ppnas f\u00f6r dem som funderar p\u00e5 att \u00e4ga ett hus och f\u00f6r investerare. \u00c5r 2026 b\u00f6rjar en ny era i fastighetsv\u00e4rlden som kommer att bryta mot reglerna. Den vanliga marknadsv\u00e4rdeapplikationen ers\u00e4tts helt av verkligt v\u00e4rde. Med detta dj\u00e4rva steg som tagits f\u00f6r skatter\u00e4ttvisa kommer ett nytt system som kommer att sp\u00e5ra v\u00e4rdet p\u00e5 fastigheter att tr\u00e4da i kraft och en stark rustning kommer att skapas mot skattef\u00f6rluster.<\/p>\n<p><strong>Banker och ministerier har f\u00f6rberett sig under l\u00e5ng tid<\/strong><br \/>\nDenna banbrytande f\u00f6r\u00e4ndring \u00e4r produkten av en storskalig studie som syftar till att \u00f6ka de offentliga int\u00e4kterna och s\u00e4kerst\u00e4lla r\u00e4ttvisa i fastighetssektorn. Systemet, inspirerat av de b\u00e4sta exemplen fr\u00e5n hela v\u00e4rlden, kommer att g\u00f6ra det m\u00f6jligt att skapa v\u00e4rdekartor \u00f6ver fastigheter och omedelbart f\u00f6lja marknadsf\u00f6r\u00e4ndringar.<\/p>\n<p><strong>Lag\u00e4ndring kommer<\/strong><br \/>\nDenna toppmoderna infrastruktur, som kommer att integreras i fastighetsregistret och matrikelinformationssystemet, kommer att utg\u00f6ra grunden f\u00f6r ett system som kommer att beskatta k\u00f6p- och f\u00f6rs\u00e4ljningstransaktioner av fastigheter baserat p\u00e5 deras verkliga v\u00e4rde. N\u00e4r alla tekniska f\u00f6rberedelser \u00e4r slutf\u00f6rda kommer denna innovation att g\u00f6ras officiell enligt lag.<\/p>\n<p><strong>Skattesystemet f\u00f6r\u00e4ndras radikalt<\/strong><br \/>\nI nuvarande system betalar k\u00f6paren och s\u00e4ljaren en total lagfartsavgift p\u00e5 20 promille medan dessa avgifter i allm\u00e4nhet baseras p\u00e5 fastighetstaxeringsv\u00e4rdet. Men i den nya eran kommer b\u00e5de transparens och r\u00e4ttvisa att s\u00e4kerst\u00e4llas, baserat p\u00e5 det verkliga v\u00e4rdet av k\u00f6p- och s\u00e4ljtransaktioner. \u00c4ven uttag av straffavgift f\u00f6r underdeklaration eller l\u00e5gt v\u00e4rde kommer att bli ett minne blott.<\/p>\n<p><strong>\u00c5r 2026 kommer att bli en v\u00e4ndpunkt!<\/strong><br \/>\nMed skattesystemet baserat p\u00e5 verkligt v\u00e4rde kommer b\u00e5de enskilda anv\u00e4ndare och branschproffs att kliva in i en helt ny order. Alla v\u00e4rde\u00f6kningar i k\u00f6p- och s\u00e4ljtransaktioner kommer att beskattas mer r\u00e4ttvist och fastighets\u00e4gandet blir mycket s\u00e4krare.<\/p>\n<p>Nedr\u00e4kningen har b\u00f6rjat f\u00f6r detta revolutionerande steg som kommer att f\u00f6r\u00e4ndra fastighetsbranschens ansikte. En helt ny era b\u00f6rjar 2026, g\u00f6r dig redo!<\/p>\n","protected":false},"excerpt":{"rendered":"<p>D\u00f6rrarna till en helt ny era \u00f6ppnas f\u00f6r dem som funderar p\u00e5 att \u00e4ga ett hus och f\u00f6r investerare. \u00c5r 2026 b\u00f6rjar en ny era i fastighetsv\u00e4rlden som kommer att bryta mot reglerna. Den vanliga marknadsv\u00e4rdeapplikationen ers\u00e4tts helt av verkligt v\u00e4rde. Med detta dj\u00e4rva steg som tagits f\u00f6r skatter\u00e4ttvisa kommer ett nytt system som kommer [&hellip;]<\/p>\n","protected":false},"author":135,"featured_media":290611,"comment_status":"closed","ping_status":"closed","sticky":false,"template":"","format":"standard","meta":{"footnotes":""},"categories":[5038],"tags":[4856,4857,4858,4859,4860,4861,3889,4862,4863,4722,4864,4865,4866,4867,4868,4869,4870,4871,4872],"class_list":["post-293598","post","type-post","status-publish","format-standard","has-post-thumbnail","hentry","category-nyheter","tag-2026-gayrimenkul-reformu-sv","tag-emlak-alim-satim-islemleri-sv","tag-emlak-sektoru-yenilikleri-sv","tag-emlak-vergisi-duzenlemesi-sv","tag-gayrimenkul-sektoru-sv","tag-gayrimenkul-teknolojileri-sv","tag-gayrimenkul-yatirim-firsatlari-sv","tag-gayrimenkulde-gercek-deger-sv","tag-gercek-deger-vergilendirme-sv","tag-lagfartsavgift","tag-rayic-bedel-degisikligi-sv","tag-tapu-kadastro-bilgi-sistemi-sv","tag-tasinmaz-alim-satim-sureci-sv","tag-tasinmaz-deger-haritasi-sv","tag-vergi-adaleti-sv","tag-vergi-kayiplarini-onleme-sv","tag-vergi-reformu-2026-sv","tag-vergilendirme-duzeni-degisikligi-sv","tag-yeni-vergilendirme-sistemi-sv"],"_links":{"self":[{"href":"https:\/\/www.grandemlak.com\/sv\/wp-json\/wp\/v2\/posts\/293598","targetHints":{"allow":["GET"]}}],"collection":[{"href":"https:\/\/www.grandemlak.com\/sv\/wp-json\/wp\/v2\/posts"}],"about":[{"href":"https:\/\/www.grandemlak.com\/sv\/wp-json\/wp\/v2\/types\/post"}],"author":[{"embeddable":true,"href":"https:\/\/www.grandemlak.com\/sv\/wp-json\/wp\/v2\/users\/135"}],"replies":[{"embeddable":true,"href":"https:\/\/www.grandemlak.com\/sv\/wp-json\/wp\/v2\/comments?post=293598"}],"version-history":[{"count":2,"href":"https:\/\/www.grandemlak.com\/sv\/wp-json\/wp\/v2\/posts\/293598\/revisions"}],"predecessor-version":[{"id":293612,"href":"https:\/\/www.grandemlak.com\/sv\/wp-json\/wp\/v2\/posts\/293598\/revisions\/293612"}],"wp:featuredmedia":[{"embeddable":true,"href":"https:\/\/www.grandemlak.com\/sv\/wp-json\/wp\/v2\/media\/290611"}],"wp:attachment":[{"href":"https:\/\/www.grandemlak.com\/sv\/wp-json\/wp\/v2\/media?parent=293598"}],"wp:term":[{"taxonomy":"category","embeddable":true,"href":"https:\/\/www.grandemlak.com\/sv\/wp-json\/wp\/v2\/categories?post=293598"},{"taxonomy":"post_tag","embeddable":true,"href":"https:\/\/www.grandemlak.com\/sv\/wp-json\/wp\/v2\/tags?post=293598"}],"curies":[{"name":"wp","href":"https:\/\/api.w.org\/{rel}","templated":true}]}}