{"id":261925,"date":"2023-07-31T11:50:36","date_gmt":"2023-07-31T08:50:36","guid":{"rendered":"https:\/\/www.grandemlak.com\/balkon-ve-teras-dekorasyonu-icin-harika-fikirler\/"},"modified":"2024-12-20T10:00:40","modified_gmt":"2024-12-20T07:00:40","slug":"balkon-ve-teras-dekorasyonu-icin-harika-fikirler","status":"publish","type":"post","link":"https:\/\/www.grandemlak.com\/sv\/balkon-ve-teras-dekorasyonu-icin-harika-fikirler\/","title":{"rendered":"Sp\u00e4nnande Koncept f\u00f6r Att F\u00f6rh\u00f6ja Din Balkong och Terrass Inredning"},"content":{"rendered":"<p>Balkonger och terrasser \u00e4r utan tvekan f\u00f6rtrollande f\u00f6rl\u00e4ngningar av ditt hem. De erbjuder en h\u00e4rlig blandning av utomhuslockelse och en uppfriskande f\u00f6r\u00e4ndring av milj\u00f6n. Genom att omfamna ett brett spektrum av stilar, fr\u00e5n samtida till personliga teman, kan dessa utrymmen f\u00f6rvandlas till f\u00e4ngslande tillflyktsorter, oavsett om de \u00e4r stora eller sm\u00e5.<\/p>\n<p>H\u00e4r \u00e4r n\u00e5gra balkong- och terrassdekorationsid\u00e9er som kan inspirera dig:<\/p>\n<p><strong>\u00c5terupplivande med naturen<\/strong><br \/>\nIntroduktionen av blommor och v\u00e4xter ger liv \u00e5t dessa utomhusutrymmen och skapar en f\u00f6rbindelse med naturen. Dekorativa krukor prydda med v\u00e4xter tillf\u00f6r livfulla f\u00e4rger och h\u00e4rliga dofter. Vertikala tr\u00e4dg\u00e5rdar och v\u00e4xtramar kan ocks\u00e5 anv\u00e4ndas f\u00f6r att ge v\u00e4ggarna dimension.<\/p>\n<p><strong>Al Fresco vardagsrum<\/strong><br \/>\n\u00c5terskapa bekv\u00e4mligheten av ditt inomhusvardagsrum p\u00e5 din balkong eller terrass. Njut av mysiga f\u00e5t\u00f6ljer, sm\u00e5 soffbord, f\u00e4rgglada mattor, mjuka kuddar och inbjudande ljus. En f\u00e4ngslande arrangemang som lockar dig att tillbringa o\u00e4ndliga stunder i ren avslappning.<\/p>\n<p><strong>Upplysande atmosf\u00e4r<\/strong><br \/>\nBetydelsen av belysning i utomhusdekor kan inte \u00f6verskattas. V\u00e4lj rustik charm med ljusslingor, charmiga LED-lampor som t\u00e5l v\u00e4der och vind. Alternativt, v\u00e4lj en modern touch med accentbelysning eller geometriska h\u00e4nglampor, som vackert belyser utrymmet med en f\u00e4ngslande lockelse.<\/p>\n<p><strong>Personlig f\u00e4rgpalett<\/strong><br \/>\nOmfamna din unika smak och experimentera glatt med f\u00e4rger. Lekfulla tyger och f\u00e4rger med olika m\u00f6nster kan ge glada vibbar, medan neutrala och enkla toner erbjuder en mer raffinerad appeal. F\u00e4rgvalen \u00e5terspeglar din personliga touch, vilket g\u00f6r denna intima tillflyktsort verkligt din egen.<\/p>\n<p><strong>Sittplats lycka<\/strong><br \/>\nAtt l\u00e4gga till en gunga, h\u00e4ngmatta eller gungstol bjuder in dig att njuta av en lugnande r\u00f6relse n\u00e4r du slappnar av. De erbjuder inte bara trevliga sittplatser, utan bidrar ocks\u00e5 till utrymmets visuella charm.<\/p>\n<p><strong>Konstn\u00e4rliga v\u00e4gg- och takaccenter<\/strong><br \/>\nPryd din balkong- eller terrassv\u00e4gg med en mosaik av speglar, som kastar fascinerande reflektioner som dansar med det f\u00f6r\u00e4nderliga dagsljuset. Alternativt kan du \u00f6verv\u00e4ga en takfl\u00e4kt f\u00f6r att f\u00f6rb\u00e4ttra b\u00e5de atmosf\u00e4ren och komforten under varma dagar.<\/p>\n<p><strong>F\u00f6rh\u00f6ja utsikten <\/strong><br \/>\nOm du \u00e4r v\u00e4lsignad med en fantastisk stadsutsikt eller havsutsikt, f\u00f6rb\u00e4ttra den med glasr\u00e4cken. Dessa genomskinliga barri\u00e4rer erbjuder inte bara oavbruten njutning av utsikten, utan skapar ocks\u00e5 en illusion av rymd, vilket ytterligare f\u00f6rb\u00e4ttrar den \u00f6vergripande milj\u00f6n.<\/p>\n<p>L\u00e5t dessa f\u00e4ngslande id\u00e9er inspirera dig att f\u00f6rvandla din balkong eller terrass till en f\u00e4ngslande tillflyktsort, som blandar naturens sk\u00f6nhet med dina unika designpreferenser.<\/p>\n","protected":false},"excerpt":{"rendered":"<p>Balkonger och terrasser \u00e4r utan tvekan f\u00f6rtrollande f\u00f6rl\u00e4ngningar av ditt hem. De erbjuder en h\u00e4rlig blandning av utomhuslockelse och en uppfriskande f\u00f6r\u00e4ndring av milj\u00f6n. Genom att omfamna ett brett spektrum av stilar, fr\u00e5n samtida till personliga teman, kan dessa utrymmen f\u00f6rvandlas till f\u00e4ngslande tillflyktsorter, oavsett om de \u00e4r stora eller sm\u00e5. H\u00e4r \u00e4r n\u00e5gra balkong- [&hellip;]<\/p>\n","protected":false},"author":135,"featured_media":196483,"comment_status":"closed","ping_status":"closed","sticky":false,"template":"","format":"standard","meta":{"footnotes":""},"categories":[5037,5039],"tags":[3934,3935,3936,3937,3938,3939,3940,3941,3942,3943],"class_list":["post-261925","post","type-post","status-publish","format-standard","has-post-thumbnail","hentry","category-liv","category-tips-och-forslag","tag-balkon-aydinlatma-sv","tag-balkon-bitki-sv","tag-balkon-dekor-sv","tag-balkon-dekorasyon-sv","tag-balkon-takimi-sv","tag-ev-cicek-sv","tag-teras-sv","tag-teras-aydinlatma-sv","tag-teras-balkon-sv","tag-teras-dekor-sv"],"_links":{"self":[{"href":"https:\/\/www.grandemlak.com\/sv\/wp-json\/wp\/v2\/posts\/261925","targetHints":{"allow":["GET"]}}],"collection":[{"href":"https:\/\/www.grandemlak.com\/sv\/wp-json\/wp\/v2\/posts"}],"about":[{"href":"https:\/\/www.grandemlak.com\/sv\/wp-json\/wp\/v2\/types\/post"}],"author":[{"embeddable":true,"href":"https:\/\/www.grandemlak.com\/sv\/wp-json\/wp\/v2\/users\/135"}],"replies":[{"embeddable":true,"href":"https:\/\/www.grandemlak.com\/sv\/wp-json\/wp\/v2\/comments?post=261925"}],"version-history":[{"count":2,"href":"https:\/\/www.grandemlak.com\/sv\/wp-json\/wp\/v2\/posts\/261925\/revisions"}],"predecessor-version":[{"id":261927,"href":"https:\/\/www.grandemlak.com\/sv\/wp-json\/wp\/v2\/posts\/261925\/revisions\/261927"}],"wp:featuredmedia":[{"embeddable":true,"href":"https:\/\/www.grandemlak.com\/sv\/wp-json\/wp\/v2\/media\/196483"}],"wp:attachment":[{"href":"https:\/\/www.grandemlak.com\/sv\/wp-json\/wp\/v2\/media?parent=261925"}],"wp:term":[{"taxonomy":"category","embeddable":true,"href":"https:\/\/www.grandemlak.com\/sv\/wp-json\/wp\/v2\/categories?post=261925"},{"taxonomy":"post_tag","embeddable":true,"href":"https:\/\/www.grandemlak.com\/sv\/wp-json\/wp\/v2\/tags?post=261925"}],"curies":[{"name":"wp","href":"https:\/\/api.w.org\/{rel}","templated":true}]}}