{"id":336508,"date":"2025-03-28T10:42:16","date_gmt":"2025-03-28T07:42:16","guid":{"rendered":"https:\/\/www.grandemlak.com\/emeklilere-mujde-odediginiz-emlak-vergisini-geri-alabilirsiniz\/"},"modified":"2025-07-25T11:39:50","modified_gmt":"2025-07-25T08:39:50","slug":"emeklilere-mujde-odediginiz-emlak-vergisini-geri-alabilirsiniz","status":"publish","type":"post","link":"https:\/\/www.grandemlak.com\/de\/emeklilere-mujde-odediginiz-emlak-vergisini-geri-alabilirsiniz\/","title":{"rendered":"Gute Nachrichten f\u00fcr Rentner! Sie K\u00f6nnen Ihre Grundsteuer Zur\u00fcckbekommen"},"content":{"rendered":"<p>Rentner in der T\u00fcrkei sind von der Grundsteuer befreit und k\u00f6nnen die in den letzten f\u00fcnf Jahren gezahlten Steuern zur\u00fcckfordern. Dies ist eine gro\u00dfartige Gelegenheit, insbesondere f\u00fcr Rentner, die ein Eigenheim besitzen und bestimmte Voraussetzungen erf\u00fcllen.<\/p>\n<p><strong>Wer ist von der Grundsteuer befreit?<\/strong><\/p>\n<ul>\n<li>Rentner, die in der T\u00fcrkei eine Wohnung mit einer Wohnfl\u00e4che von h\u00f6chstens 200 Quadratmetern besitzen.<\/li>\n<li>Wohnungen, die nur zu bestimmten Jahreszeiten genutzt werden, sind nicht von der Grundsteuer befreit.<\/li>\n<li>Rentner, die ihre Wohnung vermieten und eine weitere Wohnung mieten, sind ebenfalls steuerbefreit.<\/li>\n<li>Ab 2024 ist f\u00fcr Rentner, deren Mieteinnahmen 33.000 TL \u00fcbersteigen, eine Einkommensteuererkl\u00e4rung obligatorisch.<\/li>\n<li>Im ersten Jahr nach dem Renteneintritt f\u00e4llt keine Grundsteuer an. (Beispiel: Wer 2024 in Rente geht, zahlt 2025 keine Grundsteuer.)<\/li>\n<li>Erwerbst\u00e4tige Rentner haben keinen Anspruch auf diese Befreiung.<\/li>\n<\/ul>\n<p><strong>Wie erhalte ich eine Steuerr\u00fcckerstattung?<\/strong><br \/>\nWenn Sie die oben genannten Kriterien erf\u00fcllen und in der Vergangenheit Grundsteuern gezahlt haben, k\u00f6nnen Sie eine R\u00fcckerstattung der Steuern der letzten f\u00fcnf Jahre erhalten! So geht&#8217;s:<\/p>\n<ol>\n<li>Stellen Sie einen Antrag bei der Gemeinde, in der sich Ihr Haus befindet.<\/li>\n<li>Reichen Sie Unterlagen ein, die Ihre Befreiungsberechtigung belegen.<\/li>\n<li>Nach Pr\u00fcfung durch die Gemeinde werden Ihnen alle zu Unrecht gezahlten Steuern erstattet.<\/li>\n<\/ol>\n<p><strong>Zus\u00e4tzliche Vorteile<\/strong><\/p>\n<ul>\n<li>Rentner sind au\u00dferdem von der Umweltreinigungssteuer befreit.<\/li>\n<li>Rentner, die ihre Wohnung vermieten und anschlie\u00dfend an eine andere Wohnung vermieten, k\u00f6nnen ihre Miete nach der Methode der tats\u00e4chlichen Kosten steuerlich absetzen. So zahlen sie entweder weniger oder gar keine Steuern.<\/li>\n<\/ul>\n<p>Grundsteuerbefreiungen und r\u00fcckwirkende Steuererstattungen bieten Rentnern erhebliche finanzielle Vorteile. Insbesondere die f\u00fcnfj\u00e4hrige R\u00fcckerstattungsm\u00f6glichkeit ist eine wertvolle M\u00f6glichkeit, bereits gezahlte Betr\u00e4ge zur\u00fcckzufordern! Nutzen Sie diese Vorteile jetzt und informieren Sie sich bei Ihrer Gemeinde.<\/p>\n","protected":false},"excerpt":{"rendered":"<p>Rentner in der T\u00fcrkei sind von der Grundsteuer befreit und k\u00f6nnen die in den letzten f\u00fcnf Jahren gezahlten Steuern zur\u00fcckfordern. Dies ist eine gro\u00dfartige Gelegenheit, insbesondere f\u00fcr Rentner, die ein Eigenheim besitzen und bestimmte Voraussetzungen erf\u00fcllen. Wer ist von der Grundsteuer befreit? Rentner, die in der T\u00fcrkei eine Wohnung mit einer Wohnfl\u00e4che von h\u00f6chstens 200 [&hellip;]<\/p>\n","protected":false},"author":135,"featured_media":312550,"comment_status":"closed","ping_status":"closed","sticky":false,"template":"","format":"standard","meta":{"footnotes":""},"categories":[3767,3777],"tags":[6018,6019,6020,6021,6022,6023,6024,6025,6026,6027,6028,6029],"class_list":["post-336508","post","type-post","status-publish","format-standard","has-post-thumbnail","hentry","category-gesetzgebung","category-nachricht","tag-belediye-vergi-iadesi-de","tag-emekliler-emlak-vergisi-de","tag-emekliler-emlak-vergisi-oder-mi-de","tag-emekliler-icin-avantajlar-de","tag-emekliler-icin-vergi-iadesi-de","tag-emekliye-vergi-avantaji-de","tag-emlak-vergisi-geri-odemesi-de","tag-emlak-vergisi-iadesi-de","tag-emlak-vergisi-kimlerden-alinmaz-de","tag-emlak-vergisi-muafiyeti-de","tag-emlak-vergisinden-muafiyet-de","tag-ev-vergisi-iadesi-de"],"_links":{"self":[{"href":"https:\/\/www.grandemlak.com\/de\/wp-json\/wp\/v2\/posts\/336508","targetHints":{"allow":["GET"]}}],"collection":[{"href":"https:\/\/www.grandemlak.com\/de\/wp-json\/wp\/v2\/posts"}],"about":[{"href":"https:\/\/www.grandemlak.com\/de\/wp-json\/wp\/v2\/types\/post"}],"author":[{"embeddable":true,"href":"https:\/\/www.grandemlak.com\/de\/wp-json\/wp\/v2\/users\/135"}],"replies":[{"embeddable":true,"href":"https:\/\/www.grandemlak.com\/de\/wp-json\/wp\/v2\/comments?post=336508"}],"version-history":[{"count":2,"href":"https:\/\/www.grandemlak.com\/de\/wp-json\/wp\/v2\/posts\/336508\/revisions"}],"predecessor-version":[{"id":336514,"href":"https:\/\/www.grandemlak.com\/de\/wp-json\/wp\/v2\/posts\/336508\/revisions\/336514"}],"wp:featuredmedia":[{"embeddable":true,"href":"https:\/\/www.grandemlak.com\/de\/wp-json\/wp\/v2\/media\/312550"}],"wp:attachment":[{"href":"https:\/\/www.grandemlak.com\/de\/wp-json\/wp\/v2\/media?parent=336508"}],"wp:term":[{"taxonomy":"category","embeddable":true,"href":"https:\/\/www.grandemlak.com\/de\/wp-json\/wp\/v2\/categories?post=336508"},{"taxonomy":"post_tag","embeddable":true,"href":"https:\/\/www.grandemlak.com\/de\/wp-json\/wp\/v2\/tags?post=336508"}],"curies":[{"name":"wp","href":"https:\/\/api.w.org\/{rel}","templated":true}]}}