{"id":270828,"date":"2024-08-20T11:04:51","date_gmt":"2024-08-20T08:04:51","guid":{"rendered":"https:\/\/www.grandemlak.com\/artik-sosyal-medyada-paylasilan-emlak-ilanlari-da-denetlenecek\/"},"modified":"2024-08-20T11:16:48","modified_gmt":"2024-08-20T08:16:48","slug":"artik-sosyal-medyada-paylasilan-emlak-ilanlari-da-denetlenecek","status":"publish","type":"post","link":"https:\/\/www.grandemlak.com\/de\/artik-sosyal-medyada-paylasilan-emlak-ilanlari-da-denetlenecek\/","title":{"rendered":"Immobilienanzeigen auf Social Media werden ebenfalls \u00fcberwacht"},"content":{"rendered":"<p>Die neue Regelung f\u00fcr Immobilienanzeigen wird k\u00fcnftig nicht nur Immobilien-Websites, sondern auch Anzeigen umfassen, die auf Social-Media-Plattformen gepostet werden. Aufgrund der zunehmenden Anzahl von Anzahlungsbetr\u00fcgereien und gef\u00e4lschten Anzeigen hat die Regierung ein System f\u00fcr verifizierte Anzeigen eingef\u00fchrt. Ab dem 15. September 2024 m\u00fcssen Hausbesitzer, die ihre Immobilien \u00fcber das e-Government mieten oder verkaufen m\u00f6chten, einen Immobilienmakler autorisieren. Nur autorisierte Makler d\u00fcrfen diese Anzeigen ver\u00f6ffentlichen.<\/p>\n<p>Ab dem 1. Januar 2025 wird diese Praxis verpflichtend, was bedeutet, dass nicht autorisierte Makler keine Anzeigen mehr ver\u00f6ffentlichen k\u00f6nnen. Makler, die vor diesem Datum eine Autorisierung erhalten und Anzeigen ver\u00f6ffentlichen, werden durch ein spezielles Logo gekennzeichnet, das ihre Autorisierung anzeigt, wodurch sie vertrauensw\u00fcrdiger und bevorzugt werden.<\/p>\n<p><strong>Social-Media-Anzeigen werden ebenfalls \u00fcberwacht<\/strong><br \/>\nHac\u0131 Ali Taylan, Pr\u00e4sident der F\u00f6deration der t\u00fcrkischen Immobilienberater, stellte klar, dass es ein Missverst\u00e4ndnis gibt, dass Immobilienanzeigen nur \u00fcber ein elektronisches Anzeigensystem ver\u00f6ffentlicht werden. Er betonte, dass die Regelung eine Ma\u00dfnahme gegen Manipulationen in Online-Anzeigen ist.<\/p>\n<p>Taylan erw\u00e4hnte au\u00dferdem, dass illegale Anzeigen durch dieses System verhindert werden und dass Gespr\u00e4che mit dem Handelsministerium im Gange sind. Er f\u00fcgte hinzu, dass die Forderung der Immobilienmakler, die Anforderung der Grundst\u00fccksinformationen zu entfernen, dem Ministerium mitgeteilt wurde und sie erwarten, dass diese Anforderung aufgehoben wird. Anzeigen auf Social Media werden ebenfalls in diese Regelung einbezogen.<\/p>\n","protected":false},"excerpt":{"rendered":"<p>Die neue Regelung f\u00fcr Immobilienanzeigen wird k\u00fcnftig nicht nur Immobilien-Websites, sondern auch Anzeigen umfassen, die auf Social-Media-Plattformen gepostet werden. Aufgrund der zunehmenden Anzahl von Anzahlungsbetr\u00fcgereien und gef\u00e4lschten Anzeigen hat die Regierung ein System f\u00fcr verifizierte Anzeigen eingef\u00fchrt. Ab dem 15. September 2024 m\u00fcssen Hausbesitzer, die ihre Immobilien \u00fcber das e-Government mieten oder verkaufen m\u00f6chten, einen [&hellip;]<\/p>\n","protected":false},"author":135,"featured_media":270823,"comment_status":"closed","ping_status":"closed","sticky":false,"template":"","format":"standard","meta":{"footnotes":""},"categories":[3240,3777],"tags":[4405],"class_list":["post-270828","post","type-post","status-publish","format-standard","has-post-thumbnail","hentry","category-haberler","category-nachricht","tag-ada-parsel-bilgisi"],"_links":{"self":[{"href":"https:\/\/www.grandemlak.com\/de\/wp-json\/wp\/v2\/posts\/270828","targetHints":{"allow":["GET"]}}],"collection":[{"href":"https:\/\/www.grandemlak.com\/de\/wp-json\/wp\/v2\/posts"}],"about":[{"href":"https:\/\/www.grandemlak.com\/de\/wp-json\/wp\/v2\/types\/post"}],"author":[{"embeddable":true,"href":"https:\/\/www.grandemlak.com\/de\/wp-json\/wp\/v2\/users\/135"}],"replies":[{"embeddable":true,"href":"https:\/\/www.grandemlak.com\/de\/wp-json\/wp\/v2\/comments?post=270828"}],"version-history":[{"count":2,"href":"https:\/\/www.grandemlak.com\/de\/wp-json\/wp\/v2\/posts\/270828\/revisions"}],"predecessor-version":[{"id":270835,"href":"https:\/\/www.grandemlak.com\/de\/wp-json\/wp\/v2\/posts\/270828\/revisions\/270835"}],"wp:featuredmedia":[{"embeddable":true,"href":"https:\/\/www.grandemlak.com\/de\/wp-json\/wp\/v2\/media\/270823"}],"wp:attachment":[{"href":"https:\/\/www.grandemlak.com\/de\/wp-json\/wp\/v2\/media?parent=270828"}],"wp:term":[{"taxonomy":"category","embeddable":true,"href":"https:\/\/www.grandemlak.com\/de\/wp-json\/wp\/v2\/categories?post=270828"},{"taxonomy":"post_tag","embeddable":true,"href":"https:\/\/www.grandemlak.com\/de\/wp-json\/wp\/v2\/tags?post=270828"}],"curies":[{"name":"wp","href":"https:\/\/api.w.org\/{rel}","templated":true}]}}